{"id":8624,"date":"2023-02-28T16:02:53","date_gmt":"2023-02-28T16:02:53","guid":{"rendered":"https:\/\/plenoil.es\/castella-i-lleo-ja-compta-amb-10-benzineres-plenoil-salamanca-suneix-a-la-xarxa-destacions-automatiques\/"},"modified":"2024-02-02T12:51:40","modified_gmt":"2024-02-02T11:51:40","slug":"castella-i-lleo-ja-compta-amb-10-benzineres-plenoil-salamanca-suneix-a-la-xarxa-destacions-automatiques","status":"publish","type":"post","link":"https:\/\/plenergy.es\/ca\/castella-i-lleo-ja-compta-amb-10-benzineres-plenoil-salamanca-suneix-a-la-xarxa-destacions-automatiques\/","title":{"rendered":"Castella i Lle\u00f3 ja compta amb 10 benzineres Plenoil: Salamanca s&#8217;uneix a la xarxa d&#8217;estacions autom\u00e0tiques"},"content":{"rendered":"<p>Aquest mes de febrer a Plenoil han obert dues noves unitats de servei: <strong>Salamanca i Legan\u00e9s<\/strong> . A la comunitat de Madrid ja sumen un total de 31 ia <a href=\"https:\/\/www.jcyl.es\/web\/jcyl\/Portada\/es\/Home\/1246890364336\/_\/_\/_\">Castella i Lle\u00f3<\/a> han arribat a la n\u00famero 10. <\/p>\n<p>Aquest 2023 Plenoil ha realitzat l&#8217;obertura de set estacions oferint <strong>el preu m\u00e9s baix d&#8217;Espanya<\/strong> gr\u00e0cies a l&#8217;eliminaci\u00f3 de costos innecessaris ia l&#8217;estructura ajustada de qu\u00e8 disposen.<\/p>\n<h2><strong>Creixement Plenoil<\/strong><\/h2>\n<p>L&#8217;empresa ha aconseguit l&#8217; <strong>obertura de 163 estacions<\/strong> i el seu objectiu per a aquest 2023 \u00e9s superar les 220. La companyia ja compta amb el millor full de ruta per aconseguir-ho i les dades de creixement del 2022 el recolzen. A m\u00e9s, l&#8217;expansi\u00f3 est\u00e0 cada cop m\u00e9s a prop el que situa <a href=\"https:\/\/plenoil.es\/\">Plenoil<\/a> com una de les empreses d&#8217;estacions de servei autom\u00e0tiques <strong>amb m\u00e9s previsi\u00f3 creixement anual.<\/strong> <\/p>\n<p>&nbsp;<\/p>\n","protected":false},"excerpt":{"rendered":"<p>Aquest mes de febrer a Plenoil han obert dues noves unitats de servei: Salamanca i Legan\u00e9s . A la comunitat de Madrid ja sumen un total de 31 ia Castella i Lle\u00f3 han arribat a la n\u00famero 10. Aquest 2023 Plenoil ha realitzat l&#8217;obertura de set estacions oferint el preu m\u00e9s baix d&#8217;Espanya gr\u00e0cies a [&hellip;]<\/p>\n","protected":false},"author":4,"featured_media":8617,"comment_status":"open","ping_status":"closed","sticky":false,"template":"","format":"standard","meta":{"footnotes":""},"categories":[129],"tags":[141,143,182,187,140,135,184],"class_list":["post-8624","post","type-post","status-publish","format-standard","has-post-thumbnail","hentry","category-noves-obertures","tag-benzina","tag-benzinera","tag-combustible-ca","tag-familiaplenoil-ca","tag-gasoil-ca","tag-plenoil-ca","tag-plenoil-a-prop-meu"],"yoast_head":"<!-- This site is optimized with the Yoast SEO plugin v27.4 - https:\/\/yoast.com\/product\/yoast-seo-wordpress\/ -->\n<title>Castella i Lle\u00f3 ja compta amb 10 benzineres Plenoil: Salamanca s&#039;uneix a la xarxa d&#039;estacions autom\u00e0tiques - Plenergy gasolineras<\/title>\n<meta name=\"description\" content=\"Aquest mes de febrer a Plenoil han obert dues noves unitats de servei: Salamanca i Legan\u00e9s\" \/>\n<meta name=\"robots\" content=\"index, follow, max-snippet:-1, max-image-preview:large, max-video-preview:-1\" \/>\n<link rel=\"canonical\" href=\"https:\/\/plenergy.es\/ca\/castella-i-lleo-ja-compta-amb-10-benzineres-plenoil-salamanca-suneix-a-la-xarxa-destacions-automatiques\/\" \/>\n<meta property=\"og:locale\" content=\"ca_ES\" \/>\n<meta property=\"og:type\" content=\"article\" \/>\n<meta property=\"og:title\" content=\"Castella i Lle\u00f3 ja compta amb 10 benzineres Plenoil: Salamanca s&#039;uneix a la xarxa d&#039;estacions autom\u00e0tiques - Plenergy gasolineras\" \/>\n<meta property=\"og:description\" content=\"Aquest mes de febrer a Plenoil han obert dues noves unitats de servei: Salamanca i Legan\u00e9s\" \/>\n<meta property=\"og:url\" content=\"https:\/\/plenergy.es\/ca\/castella-i-lleo-ja-compta-amb-10-benzineres-plenoil-salamanca-suneix-a-la-xarxa-destacions-automatiques\/\" \/>\n<meta property=\"og:site_name\" content=\"Plenergy gasolineras\" \/>\n<meta property=\"article:published_time\" content=\"2023-02-28T16:02:53+00:00\" \/>\n<meta property=\"article:modified_time\" content=\"2024-02-02T11:51:40+00:00\" \/>\n<meta property=\"og:image\" content=\"https:\/\/plenergy.es\/wp-content\/uploads\/2023\/02\/Plenoil-Leganes-II.jpeg\" \/>\n\t<meta property=\"og:image:width\" content=\"1600\" \/>\n\t<meta property=\"og:image:height\" content=\"1028\" \/>\n\t<meta property=\"og:image:type\" content=\"image\/jpeg\" \/>\n<meta name=\"author\" content=\"Mari\u00e1ngeles Herrera\" \/>\n<meta name=\"twitter:card\" content=\"summary_large_image\" \/>\n<meta name=\"twitter:label1\" content=\"Escrit per\" \/>\n\t<meta name=\"twitter:data1\" content=\"Mari\u00e1ngeles Herrera\" \/>\n\t<meta name=\"twitter:label2\" content=\"Temps estimat de lectura\" \/>\n\t<meta name=\"twitter:data2\" content=\"1 minut\" \/>\n<script type=\"application\/ld+json\" class=\"yoast-schema-graph\">{\"@context\":\"https:\\\/\\\/schema.org\",\"@graph\":[{\"@type\":\"Article\",\"@id\":\"https:\\\/\\\/plenergy.es\\\/ca\\\/castella-i-lleo-ja-compta-amb-10-benzineres-plenoil-salamanca-suneix-a-la-xarxa-destacions-automatiques\\\/#article\",\"isPartOf\":{\"@id\":\"https:\\\/\\\/plenergy.es\\\/ca\\\/castella-i-lleo-ja-compta-amb-10-benzineres-plenoil-salamanca-suneix-a-la-xarxa-destacions-automatiques\\\/\"},\"author\":{\"name\":\"Mari\u00e1ngeles Herrera\",\"@id\":\"https:\\\/\\\/plenergy.es\\\/ca\\\/#\\\/schema\\\/person\\\/f932a6c95011bfb51244e6062cba8a5d\"},\"headline\":\"Castella i Lle\u00f3 ja compta amb 10 benzineres Plenoil: Salamanca s&#8217;uneix a la xarxa d&#8217;estacions autom\u00e0tiques\",\"datePublished\":\"2023-02-28T16:02:53+00:00\",\"dateModified\":\"2024-02-02T11:51:40+00:00\",\"mainEntityOfPage\":{\"@id\":\"https:\\\/\\\/plenergy.es\\\/ca\\\/castella-i-lleo-ja-compta-amb-10-benzineres-plenoil-salamanca-suneix-a-la-xarxa-destacions-automatiques\\\/\"},\"wordCount\":152,\"commentCount\":0,\"publisher\":{\"@id\":\"https:\\\/\\\/plenergy.es\\\/ca\\\/#organization\"},\"image\":{\"@id\":\"https:\\\/\\\/plenergy.es\\\/ca\\\/castella-i-lleo-ja-compta-amb-10-benzineres-plenoil-salamanca-suneix-a-la-xarxa-destacions-automatiques\\\/#primaryimage\"},\"thumbnailUrl\":\"https:\\\/\\\/plenergy.es\\\/wp-content\\\/uploads\\\/2023\\\/02\\\/Plenoil-Leganes-II.jpeg\",\"keywords\":[\"benzina\",\"benzinera\",\"combustible\",\"fam\u00edliaplenoil\",\"gasoil\",\"plenoil\",\"plenoil a prop meu\"],\"articleSection\":[\"Noves obertures\"],\"inLanguage\":\"ca\",\"potentialAction\":[{\"@type\":\"CommentAction\",\"name\":\"Comment\",\"target\":[\"https:\\\/\\\/plenergy.es\\\/ca\\\/castella-i-lleo-ja-compta-amb-10-benzineres-plenoil-salamanca-suneix-a-la-xarxa-destacions-automatiques\\\/#respond\"]}]},{\"@type\":\"WebPage\",\"@id\":\"https:\\\/\\\/plenergy.es\\\/ca\\\/castella-i-lleo-ja-compta-amb-10-benzineres-plenoil-salamanca-suneix-a-la-xarxa-destacions-automatiques\\\/\",\"url\":\"https:\\\/\\\/plenergy.es\\\/ca\\\/castella-i-lleo-ja-compta-amb-10-benzineres-plenoil-salamanca-suneix-a-la-xarxa-destacions-automatiques\\\/\",\"name\":\"Castella i Lle\u00f3 ja compta amb 10 benzineres Plenoil: Salamanca s'uneix a la xarxa d'estacions autom\u00e0tiques - Plenergy gasolineras\",\"isPartOf\":{\"@id\":\"https:\\\/\\\/plenergy.es\\\/ca\\\/#website\"},\"primaryImageOfPage\":{\"@id\":\"https:\\\/\\\/plenergy.es\\\/ca\\\/castella-i-lleo-ja-compta-amb-10-benzineres-plenoil-salamanca-suneix-a-la-xarxa-destacions-automatiques\\\/#primaryimage\"},\"image\":{\"@id\":\"https:\\\/\\\/plenergy.es\\\/ca\\\/castella-i-lleo-ja-compta-amb-10-benzineres-plenoil-salamanca-suneix-a-la-xarxa-destacions-automatiques\\\/#primaryimage\"},\"thumbnailUrl\":\"https:\\\/\\\/plenergy.es\\\/wp-content\\\/uploads\\\/2023\\\/02\\\/Plenoil-Leganes-II.jpeg\",\"datePublished\":\"2023-02-28T16:02:53+00:00\",\"dateModified\":\"2024-02-02T11:51:40+00:00\",\"description\":\"Aquest mes de febrer a Plenoil han obert dues noves unitats de servei: Salamanca i Legan\u00e9s\",\"breadcrumb\":{\"@id\":\"https:\\\/\\\/plenergy.es\\\/ca\\\/castella-i-lleo-ja-compta-amb-10-benzineres-plenoil-salamanca-suneix-a-la-xarxa-destacions-automatiques\\\/#breadcrumb\"},\"inLanguage\":\"ca\",\"potentialAction\":[{\"@type\":\"ReadAction\",\"target\":[\"https:\\\/\\\/plenergy.es\\\/ca\\\/castella-i-lleo-ja-compta-amb-10-benzineres-plenoil-salamanca-suneix-a-la-xarxa-destacions-automatiques\\\/\"]}]},{\"@type\":\"ImageObject\",\"inLanguage\":\"ca\",\"@id\":\"https:\\\/\\\/plenergy.es\\\/ca\\\/castella-i-lleo-ja-compta-amb-10-benzineres-plenoil-salamanca-suneix-a-la-xarxa-destacions-automatiques\\\/#primaryimage\",\"url\":\"https:\\\/\\\/plenergy.es\\\/wp-content\\\/uploads\\\/2023\\\/02\\\/Plenoil-Leganes-II.jpeg\",\"contentUrl\":\"https:\\\/\\\/plenergy.es\\\/wp-content\\\/uploads\\\/2023\\\/02\\\/Plenoil-Leganes-II.jpeg\",\"width\":1600,\"height\":1028,\"caption\":\"Plenoil Legan\u00e9s II\"},{\"@type\":\"BreadcrumbList\",\"@id\":\"https:\\\/\\\/plenergy.es\\\/ca\\\/castella-i-lleo-ja-compta-amb-10-benzineres-plenoil-salamanca-suneix-a-la-xarxa-destacions-automatiques\\\/#breadcrumb\",\"itemListElement\":[{\"@type\":\"ListItem\",\"position\":1,\"name\":\"Portada\",\"item\":\"https:\\\/\\\/plenergy.es\\\/ca\\\/\"},{\"@type\":\"ListItem\",\"position\":2,\"name\":\"Castella i Lle\u00f3 ja compta amb 10 benzineres Plenoil: Salamanca s&#8217;uneix a la xarxa d&#8217;estacions autom\u00e0tiques\"}]},{\"@type\":\"WebSite\",\"@id\":\"https:\\\/\\\/plenergy.es\\\/ca\\\/#website\",\"url\":\"https:\\\/\\\/plenergy.es\\\/ca\\\/\",\"name\":\"Plenergy gasolineras\",\"description\":\"Energ\u00eda al mejor precio para tu veh\u00edculo\",\"publisher\":{\"@id\":\"https:\\\/\\\/plenergy.es\\\/ca\\\/#organization\"},\"potentialAction\":[{\"@type\":\"SearchAction\",\"target\":{\"@type\":\"EntryPoint\",\"urlTemplate\":\"https:\\\/\\\/plenergy.es\\\/ca\\\/?s={search_term_string}\"},\"query-input\":{\"@type\":\"PropertyValueSpecification\",\"valueRequired\":true,\"valueName\":\"search_term_string\"}}],\"inLanguage\":\"ca\"},{\"@type\":\"Organization\",\"@id\":\"https:\\\/\\\/plenergy.es\\\/ca\\\/#organization\",\"name\":\"Plenergy gasolineras\",\"url\":\"https:\\\/\\\/plenergy.es\\\/ca\\\/\",\"logo\":{\"@type\":\"ImageObject\",\"inLanguage\":\"ca\",\"@id\":\"https:\\\/\\\/plenergy.es\\\/ca\\\/#\\\/schema\\\/logo\\\/image\\\/\",\"url\":\"https:\\\/\\\/plenergy.es\\\/wp-content\\\/uploads\\\/2022\\\/11\\\/Plenoil-logo-2022-1.svg\",\"contentUrl\":\"https:\\\/\\\/plenergy.es\\\/wp-content\\\/uploads\\\/2022\\\/11\\\/Plenoil-logo-2022-1.svg\",\"width\":500,\"height\":110,\"caption\":\"Plenergy gasolineras\"},\"image\":{\"@id\":\"https:\\\/\\\/plenergy.es\\\/ca\\\/#\\\/schema\\\/logo\\\/image\\\/\"}},{\"@type\":\"Person\",\"@id\":\"https:\\\/\\\/plenergy.es\\\/ca\\\/#\\\/schema\\\/person\\\/f932a6c95011bfb51244e6062cba8a5d\",\"name\":\"Mari\u00e1ngeles Herrera\",\"image\":{\"@type\":\"ImageObject\",\"inLanguage\":\"ca\",\"@id\":\"https:\\\/\\\/secure.gravatar.com\\\/avatar\\\/497b693991002ea7475aa8b84d18e0a266f329a4fa833d0b8d294db721ea4b27?s=96&d=mm&r=g\",\"url\":\"https:\\\/\\\/secure.gravatar.com\\\/avatar\\\/497b693991002ea7475aa8b84d18e0a266f329a4fa833d0b8d294db721ea4b27?s=96&d=mm&r=g\",\"contentUrl\":\"https:\\\/\\\/secure.gravatar.com\\\/avatar\\\/497b693991002ea7475aa8b84d18e0a266f329a4fa833d0b8d294db721ea4b27?s=96&d=mm&r=g\",\"caption\":\"Mari\u00e1ngeles Herrera\"},\"url\":\"https:\\\/\\\/plenergy.es\\\/ca\\\/author\\\/mariangeles_editor\\\/\"}]}<\/script>\n<!-- \/ Yoast SEO plugin. -->","yoast_head_json":{"title":"Castella i Lle\u00f3 ja compta amb 10 benzineres Plenoil: Salamanca s'uneix a la xarxa d'estacions autom\u00e0tiques - Plenergy gasolineras","description":"Aquest mes de febrer a Plenoil han obert dues noves unitats de servei: Salamanca i Legan\u00e9s","robots":{"index":"index","follow":"follow","max-snippet":"max-snippet:-1","max-image-preview":"max-image-preview:large","max-video-preview":"max-video-preview:-1"},"canonical":"https:\/\/plenergy.es\/ca\/castella-i-lleo-ja-compta-amb-10-benzineres-plenoil-salamanca-suneix-a-la-xarxa-destacions-automatiques\/","og_locale":"ca_ES","og_type":"article","og_title":"Castella i Lle\u00f3 ja compta amb 10 benzineres Plenoil: Salamanca s'uneix a la xarxa d'estacions autom\u00e0tiques - Plenergy gasolineras","og_description":"Aquest mes de febrer a Plenoil han obert dues noves unitats de servei: Salamanca i Legan\u00e9s","og_url":"https:\/\/plenergy.es\/ca\/castella-i-lleo-ja-compta-amb-10-benzineres-plenoil-salamanca-suneix-a-la-xarxa-destacions-automatiques\/","og_site_name":"Plenergy gasolineras","article_published_time":"2023-02-28T16:02:53+00:00","article_modified_time":"2024-02-02T11:51:40+00:00","og_image":[{"width":1600,"height":1028,"url":"https:\/\/plenergy.es\/wp-content\/uploads\/2023\/02\/Plenoil-Leganes-II.jpeg","type":"image\/jpeg"}],"author":"Mari\u00e1ngeles Herrera","twitter_card":"summary_large_image","twitter_misc":{"Escrit per":"Mari\u00e1ngeles Herrera","Temps estimat de lectura":"1 minut"},"schema":{"@context":"https:\/\/schema.org","@graph":[{"@type":"Article","@id":"https:\/\/plenergy.es\/ca\/castella-i-lleo-ja-compta-amb-10-benzineres-plenoil-salamanca-suneix-a-la-xarxa-destacions-automatiques\/#article","isPartOf":{"@id":"https:\/\/plenergy.es\/ca\/castella-i-lleo-ja-compta-amb-10-benzineres-plenoil-salamanca-suneix-a-la-xarxa-destacions-automatiques\/"},"author":{"name":"Mari\u00e1ngeles Herrera","@id":"https:\/\/plenergy.es\/ca\/#\/schema\/person\/f932a6c95011bfb51244e6062cba8a5d"},"headline":"Castella i Lle\u00f3 ja compta amb 10 benzineres Plenoil: Salamanca s&#8217;uneix a la xarxa d&#8217;estacions autom\u00e0tiques","datePublished":"2023-02-28T16:02:53+00:00","dateModified":"2024-02-02T11:51:40+00:00","mainEntityOfPage":{"@id":"https:\/\/plenergy.es\/ca\/castella-i-lleo-ja-compta-amb-10-benzineres-plenoil-salamanca-suneix-a-la-xarxa-destacions-automatiques\/"},"wordCount":152,"commentCount":0,"publisher":{"@id":"https:\/\/plenergy.es\/ca\/#organization"},"image":{"@id":"https:\/\/plenergy.es\/ca\/castella-i-lleo-ja-compta-amb-10-benzineres-plenoil-salamanca-suneix-a-la-xarxa-destacions-automatiques\/#primaryimage"},"thumbnailUrl":"https:\/\/plenergy.es\/wp-content\/uploads\/2023\/02\/Plenoil-Leganes-II.jpeg","keywords":["benzina","benzinera","combustible","fam\u00edliaplenoil","gasoil","plenoil","plenoil a prop meu"],"articleSection":["Noves obertures"],"inLanguage":"ca","potentialAction":[{"@type":"CommentAction","name":"Comment","target":["https:\/\/plenergy.es\/ca\/castella-i-lleo-ja-compta-amb-10-benzineres-plenoil-salamanca-suneix-a-la-xarxa-destacions-automatiques\/#respond"]}]},{"@type":"WebPage","@id":"https:\/\/plenergy.es\/ca\/castella-i-lleo-ja-compta-amb-10-benzineres-plenoil-salamanca-suneix-a-la-xarxa-destacions-automatiques\/","url":"https:\/\/plenergy.es\/ca\/castella-i-lleo-ja-compta-amb-10-benzineres-plenoil-salamanca-suneix-a-la-xarxa-destacions-automatiques\/","name":"Castella i Lle\u00f3 ja compta amb 10 benzineres Plenoil: Salamanca s'uneix a la xarxa d'estacions autom\u00e0tiques - Plenergy gasolineras","isPartOf":{"@id":"https:\/\/plenergy.es\/ca\/#website"},"primaryImageOfPage":{"@id":"https:\/\/plenergy.es\/ca\/castella-i-lleo-ja-compta-amb-10-benzineres-plenoil-salamanca-suneix-a-la-xarxa-destacions-automatiques\/#primaryimage"},"image":{"@id":"https:\/\/plenergy.es\/ca\/castella-i-lleo-ja-compta-amb-10-benzineres-plenoil-salamanca-suneix-a-la-xarxa-destacions-automatiques\/#primaryimage"},"thumbnailUrl":"https:\/\/plenergy.es\/wp-content\/uploads\/2023\/02\/Plenoil-Leganes-II.jpeg","datePublished":"2023-02-28T16:02:53+00:00","dateModified":"2024-02-02T11:51:40+00:00","description":"Aquest mes de febrer a Plenoil han obert dues noves unitats de servei: Salamanca i Legan\u00e9s","breadcrumb":{"@id":"https:\/\/plenergy.es\/ca\/castella-i-lleo-ja-compta-amb-10-benzineres-plenoil-salamanca-suneix-a-la-xarxa-destacions-automatiques\/#breadcrumb"},"inLanguage":"ca","potentialAction":[{"@type":"ReadAction","target":["https:\/\/plenergy.es\/ca\/castella-i-lleo-ja-compta-amb-10-benzineres-plenoil-salamanca-suneix-a-la-xarxa-destacions-automatiques\/"]}]},{"@type":"ImageObject","inLanguage":"ca","@id":"https:\/\/plenergy.es\/ca\/castella-i-lleo-ja-compta-amb-10-benzineres-plenoil-salamanca-suneix-a-la-xarxa-destacions-automatiques\/#primaryimage","url":"https:\/\/plenergy.es\/wp-content\/uploads\/2023\/02\/Plenoil-Leganes-II.jpeg","contentUrl":"https:\/\/plenergy.es\/wp-content\/uploads\/2023\/02\/Plenoil-Leganes-II.jpeg","width":1600,"height":1028,"caption":"Plenoil Legan\u00e9s II"},{"@type":"BreadcrumbList","@id":"https:\/\/plenergy.es\/ca\/castella-i-lleo-ja-compta-amb-10-benzineres-plenoil-salamanca-suneix-a-la-xarxa-destacions-automatiques\/#breadcrumb","itemListElement":[{"@type":"ListItem","position":1,"name":"Portada","item":"https:\/\/plenergy.es\/ca\/"},{"@type":"ListItem","position":2,"name":"Castella i Lle\u00f3 ja compta amb 10 benzineres Plenoil: Salamanca s&#8217;uneix a la xarxa d&#8217;estacions autom\u00e0tiques"}]},{"@type":"WebSite","@id":"https:\/\/plenergy.es\/ca\/#website","url":"https:\/\/plenergy.es\/ca\/","name":"Plenergy gasolineras","description":"Energ\u00eda al mejor precio para tu veh\u00edculo","publisher":{"@id":"https:\/\/plenergy.es\/ca\/#organization"},"potentialAction":[{"@type":"SearchAction","target":{"@type":"EntryPoint","urlTemplate":"https:\/\/plenergy.es\/ca\/?s={search_term_string}"},"query-input":{"@type":"PropertyValueSpecification","valueRequired":true,"valueName":"search_term_string"}}],"inLanguage":"ca"},{"@type":"Organization","@id":"https:\/\/plenergy.es\/ca\/#organization","name":"Plenergy gasolineras","url":"https:\/\/plenergy.es\/ca\/","logo":{"@type":"ImageObject","inLanguage":"ca","@id":"https:\/\/plenergy.es\/ca\/#\/schema\/logo\/image\/","url":"https:\/\/plenergy.es\/wp-content\/uploads\/2022\/11\/Plenoil-logo-2022-1.svg","contentUrl":"https:\/\/plenergy.es\/wp-content\/uploads\/2022\/11\/Plenoil-logo-2022-1.svg","width":500,"height":110,"caption":"Plenergy gasolineras"},"image":{"@id":"https:\/\/plenergy.es\/ca\/#\/schema\/logo\/image\/"}},{"@type":"Person","@id":"https:\/\/plenergy.es\/ca\/#\/schema\/person\/f932a6c95011bfb51244e6062cba8a5d","name":"Mari\u00e1ngeles Herrera","image":{"@type":"ImageObject","inLanguage":"ca","@id":"https:\/\/secure.gravatar.com\/avatar\/497b693991002ea7475aa8b84d18e0a266f329a4fa833d0b8d294db721ea4b27?s=96&d=mm&r=g","url":"https:\/\/secure.gravatar.com\/avatar\/497b693991002ea7475aa8b84d18e0a266f329a4fa833d0b8d294db721ea4b27?s=96&d=mm&r=g","contentUrl":"https:\/\/secure.gravatar.com\/avatar\/497b693991002ea7475aa8b84d18e0a266f329a4fa833d0b8d294db721ea4b27?s=96&d=mm&r=g","caption":"Mari\u00e1ngeles Herrera"},"url":"https:\/\/plenergy.es\/ca\/author\/mariangeles_editor\/"}]}},"_links":{"self":[{"href":"https:\/\/plenergy.es\/ca\/wp-json\/wp\/v2\/posts\/8624","targetHints":{"allow":["GET"]}}],"collection":[{"href":"https:\/\/plenergy.es\/ca\/wp-json\/wp\/v2\/posts"}],"about":[{"href":"https:\/\/plenergy.es\/ca\/wp-json\/wp\/v2\/types\/post"}],"author":[{"embeddable":true,"href":"https:\/\/plenergy.es\/ca\/wp-json\/wp\/v2\/users\/4"}],"replies":[{"embeddable":true,"href":"https:\/\/plenergy.es\/ca\/wp-json\/wp\/v2\/comments?post=8624"}],"version-history":[{"count":2,"href":"https:\/\/plenergy.es\/ca\/wp-json\/wp\/v2\/posts\/8624\/revisions"}],"predecessor-version":[{"id":17608,"href":"https:\/\/plenergy.es\/ca\/wp-json\/wp\/v2\/posts\/8624\/revisions\/17608"}],"wp:featuredmedia":[{"embeddable":true,"href":"https:\/\/plenergy.es\/ca\/wp-json\/wp\/v2\/media\/8617"}],"wp:attachment":[{"href":"https:\/\/plenergy.es\/ca\/wp-json\/wp\/v2\/media?parent=8624"}],"wp:term":[{"taxonomy":"category","embeddable":true,"href":"https:\/\/plenergy.es\/ca\/wp-json\/wp\/v2\/categories?post=8624"},{"taxonomy":"post_tag","embeddable":true,"href":"https:\/\/plenergy.es\/ca\/wp-json\/wp\/v2\/tags?post=8624"}],"curies":[{"name":"wp","href":"https:\/\/api.w.org\/{rel}","templated":true}]}}