{"id":17905,"date":"2023-05-05T10:30:10","date_gmt":"2023-05-05T08:30:10","guid":{"rendered":"https:\/\/plenoil.es\/plenoil-suneix-a-la-chp-amb-lobjectiu-de-continuar-oferint-el-millor-preu-fora-despanya\/"},"modified":"2024-02-12T16:56:10","modified_gmt":"2024-02-12T15:56:10","slug":"plenoil-suneix-a-la-chp-amb-lobjectiu-de-continuar-oferint-el-millor-preu-fora-despanya","status":"publish","type":"post","link":"https:\/\/plenergy.es\/ca\/plenoil-suneix-a-la-chp-amb-lobjectiu-de-continuar-oferint-el-millor-preu-fora-despanya\/","title":{"rendered":"Plenoil s&#8217;uneix a la CHP amb l&#8217;objectiu de continuar oferint el millor preu fora d&#8217;Espanya."},"content":{"rendered":"<h3 style=\"text-align: left;\">Plenoil signa com a <strong>soci Gold<\/strong> per unir-se a la Cambra de Comer\u00e7 Hispano-Portuguesa i oferir el millor preu fora d&#8217;Espanya.<\/h3>\n<p>L&#8217;empresa d&#8217;estacions de servei autom\u00e0tiques l\u00edder del mercat, <a href=\"https:\/\/plenoil.es\/\">Plenoil<\/a>, s&#8217;ha unit aquest passat dijous a la Cambra de Comer\u00e7 Hispano Portuguesa amb l&#8217;objectiu de continuar creixent al nostre pa\u00eds ve\u00ed.<\/p>\n<p>Aquest passat dijous, el CEO de l&#8217;empresa, Jos\u00e9 Rodr\u00edguez de Arellano, ha signat a la seu de l&#8217;organitzaci\u00f3 l&#8217;entrada a aquest organisme com a <a href=\"https:\/\/chp.es\/listado-de-socios\/\">soci Gold<\/a>. Aquesta categoria est\u00e0 centrada en <strong>empreses amb forta pres\u00e8ncia al mercat ib\u00e8ric<\/strong> i que mostren el seu comprom\u00eds per crear relacions hispano-portugueses. Rodr\u00edguez de Arellano, a m\u00e9s, ha tingut l&#8217;oportunitat de mantenir converses amb Coro L\u00f3pez-Barr\u00f3n, directora gerent executiva de CHP. En aquesta trobada han tractat temes com la <strong>evoluci\u00f3 de l&#8217;empresa<\/strong> o la situaci\u00f3 socioecon\u00f2mica actual d&#8217;ambd\u00f3s pa\u00efsos. La incorporaci\u00f3 a la corporaci\u00f3 t\u00e9 gran import\u00e0ncia per a l&#8217;empresa que ja <strong>compta amb m\u00e9s de 170 gasolineres arreu d&#8217;Espanya<\/strong>. Suposa un element diferenciador de cara al creixement extern que ja experimenta.<\/p>\n<h2><strong>Qui \u00e9s CHP?<\/strong><\/h2>\n<p>La <a href=\"https:\/\/chp.es\/\">C\u00e0mara Hispano Portuguesa de Comer\u00e7<\/a> (CHP) va n\u00e9ixer el 1971 amb l&#8217;objectiu d&#8217;apoiar les empreses amb interessos en els mercats hispano-portuguesos. A m\u00e9s, es tracta d&#8217;una organitzaci\u00f3 sense \u00e0nim de lucre amb m\u00e9s de <strong>50 anys d&#8217;experi\u00e8ncia en el mercat empresarial.<\/strong> La idea de creaci\u00f3 d&#8217;aquest organisme est\u00e0 basada en <strong>quatre punts principals:<\/strong><\/p>\n<ul>\n<li>Promoure relacions econ\u00f2miques i industrials entre Espanya i Portugal.<\/li>\n<li>Defensar els interessos dels associats.<\/li>\n<li>Estimular lla\u00e7os d&#8217;amistat, culturals, tur\u00edstics i socials.<\/li>\n<li>Establir vincles entre ambd\u00f3s pa\u00efsos amb mercats afins.<\/li>\n<\/ul>\n<p>Espanya t\u00e9 un <strong>context social similar al de Portugal<\/strong>, pel que aquest pa\u00eds \u00e9s d&#8217;un gran inter\u00e8s pels empresaris espanyols que volen continuar creixent.<\/p>\n<p>&nbsp;<br \/>\n&nbsp;<\/p>\n","protected":false},"excerpt":{"rendered":"<p>Plenoil signa com a soci Gold per unir-se a la Cambra de Comer\u00e7 Hispano-Portuguesa i oferir el millor preu fora d&#8217;Espanya. L&#8217;empresa d&#8217;estacions de servei autom\u00e0tiques l\u00edder del mercat, Plenoil, s&#8217;ha unit aquest passat dijous a la Cambra de Comer\u00e7 Hispano Portuguesa amb l&#8217;objectiu de continuar creixent al nostre pa\u00eds ve\u00ed. Aquest passat dijous, el [&hellip;]<\/p>\n","protected":false},"author":4,"featured_media":9246,"comment_status":"closed","ping_status":"closed","sticky":false,"template":"","format":"standard","meta":{"footnotes":""},"categories":[61],"tags":[141,143,397,396,140,135],"class_list":["post-17905","post","type-post","status-publish","format-standard","has-post-thumbnail","hentry","category-actualitat","tag-benzina","tag-benzinera","tag-camara-de-comercio-ca","tag-chp-ca","tag-gasoil-ca","tag-plenoil-ca"],"yoast_head":"<!-- This site is optimized with the Yoast SEO plugin v27.4 - https:\/\/yoast.com\/product\/yoast-seo-wordpress\/ -->\n<title>Plenoil s&#039;uneix a la CHP amb l&#039;objectiu de continuar oferint el millor preu fora d&#039;Espanya. - Plenergy gasolineras<\/title>\n<meta name=\"description\" content=\"Plenoil firma com a soci Gold per unir-se a la Cambra de Comer\u00e7 Hispano-Portuguesa per oferir el millor preu fora d&#039;Espanya.\" \/>\n<meta name=\"robots\" content=\"index, follow, max-snippet:-1, max-image-preview:large, max-video-preview:-1\" \/>\n<link rel=\"canonical\" href=\"https:\/\/plenergy.es\/ca\/plenoil-suneix-a-la-chp-amb-lobjectiu-de-continuar-oferint-el-millor-preu-fora-despanya\/\" \/>\n<meta property=\"og:locale\" content=\"ca_ES\" \/>\n<meta property=\"og:type\" content=\"article\" \/>\n<meta property=\"og:title\" content=\"Plenoil s&#039;uneix a la CHP amb l&#039;objectiu de continuar oferint el millor preu fora d&#039;Espanya. - Plenergy gasolineras\" \/>\n<meta property=\"og:description\" content=\"Plenoil firma com a soci Gold per unir-se a la Cambra de Comer\u00e7 Hispano-Portuguesa per oferir el millor preu fora d&#039;Espanya.\" \/>\n<meta property=\"og:url\" content=\"https:\/\/plenergy.es\/ca\/plenoil-suneix-a-la-chp-amb-lobjectiu-de-continuar-oferint-el-millor-preu-fora-despanya\/\" \/>\n<meta property=\"og:site_name\" content=\"Plenergy gasolineras\" \/>\n<meta property=\"article:published_time\" content=\"2023-05-05T08:30:10+00:00\" \/>\n<meta property=\"article:modified_time\" content=\"2024-02-12T15:56:10+00:00\" \/>\n<meta property=\"og:image\" content=\"https:\/\/plenergy.es\/wp-content\/uploads\/2023\/05\/CHP-Jose-11-1.jpg\" \/>\n\t<meta property=\"og:image:width\" content=\"2048\" \/>\n\t<meta property=\"og:image:height\" content=\"1365\" \/>\n\t<meta property=\"og:image:type\" content=\"image\/jpeg\" \/>\n<meta name=\"author\" content=\"Mari\u00e1ngeles Herrera\" \/>\n<meta name=\"twitter:card\" content=\"summary_large_image\" \/>\n<meta name=\"twitter:label1\" content=\"Escrit per\" \/>\n\t<meta name=\"twitter:data1\" content=\"Mari\u00e1ngeles Herrera\" \/>\n\t<meta name=\"twitter:label2\" content=\"Temps estimat de lectura\" \/>\n\t<meta name=\"twitter:data2\" content=\"2 minuts\" \/>\n<script type=\"application\/ld+json\" class=\"yoast-schema-graph\">{\"@context\":\"https:\\\/\\\/schema.org\",\"@graph\":[{\"@type\":\"Article\",\"@id\":\"https:\\\/\\\/plenergy.es\\\/ca\\\/plenoil-suneix-a-la-chp-amb-lobjectiu-de-continuar-oferint-el-millor-preu-fora-despanya\\\/#article\",\"isPartOf\":{\"@id\":\"https:\\\/\\\/plenergy.es\\\/ca\\\/plenoil-suneix-a-la-chp-amb-lobjectiu-de-continuar-oferint-el-millor-preu-fora-despanya\\\/\"},\"author\":{\"name\":\"Mari\u00e1ngeles Herrera\",\"@id\":\"https:\\\/\\\/plenergy.es\\\/ca\\\/#\\\/schema\\\/person\\\/f932a6c95011bfb51244e6062cba8a5d\"},\"headline\":\"Plenoil s&#8217;uneix a la CHP amb l&#8217;objectiu de continuar oferint el millor preu fora d&#8217;Espanya.\",\"datePublished\":\"2023-05-05T08:30:10+00:00\",\"dateModified\":\"2024-02-12T15:56:10+00:00\",\"mainEntityOfPage\":{\"@id\":\"https:\\\/\\\/plenergy.es\\\/ca\\\/plenoil-suneix-a-la-chp-amb-lobjectiu-de-continuar-oferint-el-millor-preu-fora-despanya\\\/\"},\"wordCount\":321,\"publisher\":{\"@id\":\"https:\\\/\\\/plenergy.es\\\/ca\\\/#organization\"},\"image\":{\"@id\":\"https:\\\/\\\/plenergy.es\\\/ca\\\/plenoil-suneix-a-la-chp-amb-lobjectiu-de-continuar-oferint-el-millor-preu-fora-despanya\\\/#primaryimage\"},\"thumbnailUrl\":\"https:\\\/\\\/plenergy.es\\\/wp-content\\\/uploads\\\/2023\\\/05\\\/CHP-Jose-11-1.jpg\",\"keywords\":[\"benzina\",\"benzinera\",\"Camara de comercio\",\"CHP\",\"gasoil\",\"plenoil\"],\"articleSection\":[\"Actualitat\"],\"inLanguage\":\"ca\"},{\"@type\":\"WebPage\",\"@id\":\"https:\\\/\\\/plenergy.es\\\/ca\\\/plenoil-suneix-a-la-chp-amb-lobjectiu-de-continuar-oferint-el-millor-preu-fora-despanya\\\/\",\"url\":\"https:\\\/\\\/plenergy.es\\\/ca\\\/plenoil-suneix-a-la-chp-amb-lobjectiu-de-continuar-oferint-el-millor-preu-fora-despanya\\\/\",\"name\":\"Plenoil s'uneix a la CHP amb l'objectiu de continuar oferint el millor preu fora d'Espanya. - Plenergy gasolineras\",\"isPartOf\":{\"@id\":\"https:\\\/\\\/plenergy.es\\\/ca\\\/#website\"},\"primaryImageOfPage\":{\"@id\":\"https:\\\/\\\/plenergy.es\\\/ca\\\/plenoil-suneix-a-la-chp-amb-lobjectiu-de-continuar-oferint-el-millor-preu-fora-despanya\\\/#primaryimage\"},\"image\":{\"@id\":\"https:\\\/\\\/plenergy.es\\\/ca\\\/plenoil-suneix-a-la-chp-amb-lobjectiu-de-continuar-oferint-el-millor-preu-fora-despanya\\\/#primaryimage\"},\"thumbnailUrl\":\"https:\\\/\\\/plenergy.es\\\/wp-content\\\/uploads\\\/2023\\\/05\\\/CHP-Jose-11-1.jpg\",\"datePublished\":\"2023-05-05T08:30:10+00:00\",\"dateModified\":\"2024-02-12T15:56:10+00:00\",\"description\":\"Plenoil firma com a soci Gold per unir-se a la Cambra de Comer\u00e7 Hispano-Portuguesa per oferir el millor preu fora d'Espanya.\",\"breadcrumb\":{\"@id\":\"https:\\\/\\\/plenergy.es\\\/ca\\\/plenoil-suneix-a-la-chp-amb-lobjectiu-de-continuar-oferint-el-millor-preu-fora-despanya\\\/#breadcrumb\"},\"inLanguage\":\"ca\",\"potentialAction\":[{\"@type\":\"ReadAction\",\"target\":[\"https:\\\/\\\/plenergy.es\\\/ca\\\/plenoil-suneix-a-la-chp-amb-lobjectiu-de-continuar-oferint-el-millor-preu-fora-despanya\\\/\"]}]},{\"@type\":\"ImageObject\",\"inLanguage\":\"ca\",\"@id\":\"https:\\\/\\\/plenergy.es\\\/ca\\\/plenoil-suneix-a-la-chp-amb-lobjectiu-de-continuar-oferint-el-millor-preu-fora-despanya\\\/#primaryimage\",\"url\":\"https:\\\/\\\/plenergy.es\\\/wp-content\\\/uploads\\\/2023\\\/05\\\/CHP-Jose-11-1.jpg\",\"contentUrl\":\"https:\\\/\\\/plenergy.es\\\/wp-content\\\/uploads\\\/2023\\\/05\\\/CHP-Jose-11-1.jpg\",\"width\":2048,\"height\":1365,\"caption\":\"Jos\u00e9 Rodr\u00edguez de Arellano, CEO de Plenoil, y Coro L\u00f3pez-Barr\u00f3n, directora gerente de la C\u00e1mara de Comercio Hispano Portuguesa, firman la entrada de Plenoil en la organizaci\u00f3n\"},{\"@type\":\"BreadcrumbList\",\"@id\":\"https:\\\/\\\/plenergy.es\\\/ca\\\/plenoil-suneix-a-la-chp-amb-lobjectiu-de-continuar-oferint-el-millor-preu-fora-despanya\\\/#breadcrumb\",\"itemListElement\":[{\"@type\":\"ListItem\",\"position\":1,\"name\":\"Portada\",\"item\":\"https:\\\/\\\/plenergy.es\\\/ca\\\/\"},{\"@type\":\"ListItem\",\"position\":2,\"name\":\"Plenoil s&#8217;uneix a la CHP amb l&#8217;objectiu de continuar oferint el millor preu fora d&#8217;Espanya.\"}]},{\"@type\":\"WebSite\",\"@id\":\"https:\\\/\\\/plenergy.es\\\/ca\\\/#website\",\"url\":\"https:\\\/\\\/plenergy.es\\\/ca\\\/\",\"name\":\"Plenergy gasolineras\",\"description\":\"Energ\u00eda al mejor precio para tu veh\u00edculo\",\"publisher\":{\"@id\":\"https:\\\/\\\/plenergy.es\\\/ca\\\/#organization\"},\"potentialAction\":[{\"@type\":\"SearchAction\",\"target\":{\"@type\":\"EntryPoint\",\"urlTemplate\":\"https:\\\/\\\/plenergy.es\\\/ca\\\/?s={search_term_string}\"},\"query-input\":{\"@type\":\"PropertyValueSpecification\",\"valueRequired\":true,\"valueName\":\"search_term_string\"}}],\"inLanguage\":\"ca\"},{\"@type\":\"Organization\",\"@id\":\"https:\\\/\\\/plenergy.es\\\/ca\\\/#organization\",\"name\":\"Plenergy gasolineras\",\"url\":\"https:\\\/\\\/plenergy.es\\\/ca\\\/\",\"logo\":{\"@type\":\"ImageObject\",\"inLanguage\":\"ca\",\"@id\":\"https:\\\/\\\/plenergy.es\\\/ca\\\/#\\\/schema\\\/logo\\\/image\\\/\",\"url\":\"https:\\\/\\\/plenergy.es\\\/wp-content\\\/uploads\\\/2022\\\/11\\\/Plenoil-logo-2022-1.svg\",\"contentUrl\":\"https:\\\/\\\/plenergy.es\\\/wp-content\\\/uploads\\\/2022\\\/11\\\/Plenoil-logo-2022-1.svg\",\"width\":500,\"height\":110,\"caption\":\"Plenergy gasolineras\"},\"image\":{\"@id\":\"https:\\\/\\\/plenergy.es\\\/ca\\\/#\\\/schema\\\/logo\\\/image\\\/\"}},{\"@type\":\"Person\",\"@id\":\"https:\\\/\\\/plenergy.es\\\/ca\\\/#\\\/schema\\\/person\\\/f932a6c95011bfb51244e6062cba8a5d\",\"name\":\"Mari\u00e1ngeles Herrera\",\"image\":{\"@type\":\"ImageObject\",\"inLanguage\":\"ca\",\"@id\":\"https:\\\/\\\/secure.gravatar.com\\\/avatar\\\/497b693991002ea7475aa8b84d18e0a266f329a4fa833d0b8d294db721ea4b27?s=96&d=mm&r=g\",\"url\":\"https:\\\/\\\/secure.gravatar.com\\\/avatar\\\/497b693991002ea7475aa8b84d18e0a266f329a4fa833d0b8d294db721ea4b27?s=96&d=mm&r=g\",\"contentUrl\":\"https:\\\/\\\/secure.gravatar.com\\\/avatar\\\/497b693991002ea7475aa8b84d18e0a266f329a4fa833d0b8d294db721ea4b27?s=96&d=mm&r=g\",\"caption\":\"Mari\u00e1ngeles Herrera\"},\"url\":\"https:\\\/\\\/plenergy.es\\\/ca\\\/author\\\/mariangeles_editor\\\/\"}]}<\/script>\n<!-- \/ Yoast SEO plugin. -->","yoast_head_json":{"title":"Plenoil s'uneix a la CHP amb l'objectiu de continuar oferint el millor preu fora d'Espanya. - Plenergy gasolineras","description":"Plenoil firma com a soci Gold per unir-se a la Cambra de Comer\u00e7 Hispano-Portuguesa per oferir el millor preu fora d'Espanya.","robots":{"index":"index","follow":"follow","max-snippet":"max-snippet:-1","max-image-preview":"max-image-preview:large","max-video-preview":"max-video-preview:-1"},"canonical":"https:\/\/plenergy.es\/ca\/plenoil-suneix-a-la-chp-amb-lobjectiu-de-continuar-oferint-el-millor-preu-fora-despanya\/","og_locale":"ca_ES","og_type":"article","og_title":"Plenoil s'uneix a la CHP amb l'objectiu de continuar oferint el millor preu fora d'Espanya. - Plenergy gasolineras","og_description":"Plenoil firma com a soci Gold per unir-se a la Cambra de Comer\u00e7 Hispano-Portuguesa per oferir el millor preu fora d'Espanya.","og_url":"https:\/\/plenergy.es\/ca\/plenoil-suneix-a-la-chp-amb-lobjectiu-de-continuar-oferint-el-millor-preu-fora-despanya\/","og_site_name":"Plenergy gasolineras","article_published_time":"2023-05-05T08:30:10+00:00","article_modified_time":"2024-02-12T15:56:10+00:00","og_image":[{"width":2048,"height":1365,"url":"https:\/\/plenergy.es\/wp-content\/uploads\/2023\/05\/CHP-Jose-11-1.jpg","type":"image\/jpeg"}],"author":"Mari\u00e1ngeles Herrera","twitter_card":"summary_large_image","twitter_misc":{"Escrit per":"Mari\u00e1ngeles Herrera","Temps estimat de lectura":"2 minuts"},"schema":{"@context":"https:\/\/schema.org","@graph":[{"@type":"Article","@id":"https:\/\/plenergy.es\/ca\/plenoil-suneix-a-la-chp-amb-lobjectiu-de-continuar-oferint-el-millor-preu-fora-despanya\/#article","isPartOf":{"@id":"https:\/\/plenergy.es\/ca\/plenoil-suneix-a-la-chp-amb-lobjectiu-de-continuar-oferint-el-millor-preu-fora-despanya\/"},"author":{"name":"Mari\u00e1ngeles Herrera","@id":"https:\/\/plenergy.es\/ca\/#\/schema\/person\/f932a6c95011bfb51244e6062cba8a5d"},"headline":"Plenoil s&#8217;uneix a la CHP amb l&#8217;objectiu de continuar oferint el millor preu fora d&#8217;Espanya.","datePublished":"2023-05-05T08:30:10+00:00","dateModified":"2024-02-12T15:56:10+00:00","mainEntityOfPage":{"@id":"https:\/\/plenergy.es\/ca\/plenoil-suneix-a-la-chp-amb-lobjectiu-de-continuar-oferint-el-millor-preu-fora-despanya\/"},"wordCount":321,"publisher":{"@id":"https:\/\/plenergy.es\/ca\/#organization"},"image":{"@id":"https:\/\/plenergy.es\/ca\/plenoil-suneix-a-la-chp-amb-lobjectiu-de-continuar-oferint-el-millor-preu-fora-despanya\/#primaryimage"},"thumbnailUrl":"https:\/\/plenergy.es\/wp-content\/uploads\/2023\/05\/CHP-Jose-11-1.jpg","keywords":["benzina","benzinera","Camara de comercio","CHP","gasoil","plenoil"],"articleSection":["Actualitat"],"inLanguage":"ca"},{"@type":"WebPage","@id":"https:\/\/plenergy.es\/ca\/plenoil-suneix-a-la-chp-amb-lobjectiu-de-continuar-oferint-el-millor-preu-fora-despanya\/","url":"https:\/\/plenergy.es\/ca\/plenoil-suneix-a-la-chp-amb-lobjectiu-de-continuar-oferint-el-millor-preu-fora-despanya\/","name":"Plenoil s'uneix a la CHP amb l'objectiu de continuar oferint el millor preu fora d'Espanya. - Plenergy gasolineras","isPartOf":{"@id":"https:\/\/plenergy.es\/ca\/#website"},"primaryImageOfPage":{"@id":"https:\/\/plenergy.es\/ca\/plenoil-suneix-a-la-chp-amb-lobjectiu-de-continuar-oferint-el-millor-preu-fora-despanya\/#primaryimage"},"image":{"@id":"https:\/\/plenergy.es\/ca\/plenoil-suneix-a-la-chp-amb-lobjectiu-de-continuar-oferint-el-millor-preu-fora-despanya\/#primaryimage"},"thumbnailUrl":"https:\/\/plenergy.es\/wp-content\/uploads\/2023\/05\/CHP-Jose-11-1.jpg","datePublished":"2023-05-05T08:30:10+00:00","dateModified":"2024-02-12T15:56:10+00:00","description":"Plenoil firma com a soci Gold per unir-se a la Cambra de Comer\u00e7 Hispano-Portuguesa per oferir el millor preu fora d'Espanya.","breadcrumb":{"@id":"https:\/\/plenergy.es\/ca\/plenoil-suneix-a-la-chp-amb-lobjectiu-de-continuar-oferint-el-millor-preu-fora-despanya\/#breadcrumb"},"inLanguage":"ca","potentialAction":[{"@type":"ReadAction","target":["https:\/\/plenergy.es\/ca\/plenoil-suneix-a-la-chp-amb-lobjectiu-de-continuar-oferint-el-millor-preu-fora-despanya\/"]}]},{"@type":"ImageObject","inLanguage":"ca","@id":"https:\/\/plenergy.es\/ca\/plenoil-suneix-a-la-chp-amb-lobjectiu-de-continuar-oferint-el-millor-preu-fora-despanya\/#primaryimage","url":"https:\/\/plenergy.es\/wp-content\/uploads\/2023\/05\/CHP-Jose-11-1.jpg","contentUrl":"https:\/\/plenergy.es\/wp-content\/uploads\/2023\/05\/CHP-Jose-11-1.jpg","width":2048,"height":1365,"caption":"Jos\u00e9 Rodr\u00edguez de Arellano, CEO de Plenoil, y Coro L\u00f3pez-Barr\u00f3n, directora gerente de la C\u00e1mara de Comercio Hispano Portuguesa, firman la entrada de Plenoil en la organizaci\u00f3n"},{"@type":"BreadcrumbList","@id":"https:\/\/plenergy.es\/ca\/plenoil-suneix-a-la-chp-amb-lobjectiu-de-continuar-oferint-el-millor-preu-fora-despanya\/#breadcrumb","itemListElement":[{"@type":"ListItem","position":1,"name":"Portada","item":"https:\/\/plenergy.es\/ca\/"},{"@type":"ListItem","position":2,"name":"Plenoil s&#8217;uneix a la CHP amb l&#8217;objectiu de continuar oferint el millor preu fora d&#8217;Espanya."}]},{"@type":"WebSite","@id":"https:\/\/plenergy.es\/ca\/#website","url":"https:\/\/plenergy.es\/ca\/","name":"Plenergy gasolineras","description":"Energ\u00eda al mejor precio para tu veh\u00edculo","publisher":{"@id":"https:\/\/plenergy.es\/ca\/#organization"},"potentialAction":[{"@type":"SearchAction","target":{"@type":"EntryPoint","urlTemplate":"https:\/\/plenergy.es\/ca\/?s={search_term_string}"},"query-input":{"@type":"PropertyValueSpecification","valueRequired":true,"valueName":"search_term_string"}}],"inLanguage":"ca"},{"@type":"Organization","@id":"https:\/\/plenergy.es\/ca\/#organization","name":"Plenergy gasolineras","url":"https:\/\/plenergy.es\/ca\/","logo":{"@type":"ImageObject","inLanguage":"ca","@id":"https:\/\/plenergy.es\/ca\/#\/schema\/logo\/image\/","url":"https:\/\/plenergy.es\/wp-content\/uploads\/2022\/11\/Plenoil-logo-2022-1.svg","contentUrl":"https:\/\/plenergy.es\/wp-content\/uploads\/2022\/11\/Plenoil-logo-2022-1.svg","width":500,"height":110,"caption":"Plenergy gasolineras"},"image":{"@id":"https:\/\/plenergy.es\/ca\/#\/schema\/logo\/image\/"}},{"@type":"Person","@id":"https:\/\/plenergy.es\/ca\/#\/schema\/person\/f932a6c95011bfb51244e6062cba8a5d","name":"Mari\u00e1ngeles Herrera","image":{"@type":"ImageObject","inLanguage":"ca","@id":"https:\/\/secure.gravatar.com\/avatar\/497b693991002ea7475aa8b84d18e0a266f329a4fa833d0b8d294db721ea4b27?s=96&d=mm&r=g","url":"https:\/\/secure.gravatar.com\/avatar\/497b693991002ea7475aa8b84d18e0a266f329a4fa833d0b8d294db721ea4b27?s=96&d=mm&r=g","contentUrl":"https:\/\/secure.gravatar.com\/avatar\/497b693991002ea7475aa8b84d18e0a266f329a4fa833d0b8d294db721ea4b27?s=96&d=mm&r=g","caption":"Mari\u00e1ngeles Herrera"},"url":"https:\/\/plenergy.es\/ca\/author\/mariangeles_editor\/"}]}},"_links":{"self":[{"href":"https:\/\/plenergy.es\/ca\/wp-json\/wp\/v2\/posts\/17905","targetHints":{"allow":["GET"]}}],"collection":[{"href":"https:\/\/plenergy.es\/ca\/wp-json\/wp\/v2\/posts"}],"about":[{"href":"https:\/\/plenergy.es\/ca\/wp-json\/wp\/v2\/types\/post"}],"author":[{"embeddable":true,"href":"https:\/\/plenergy.es\/ca\/wp-json\/wp\/v2\/users\/4"}],"replies":[{"embeddable":true,"href":"https:\/\/plenergy.es\/ca\/wp-json\/wp\/v2\/comments?post=17905"}],"version-history":[{"count":2,"href":"https:\/\/plenergy.es\/ca\/wp-json\/wp\/v2\/posts\/17905\/revisions"}],"predecessor-version":[{"id":17919,"href":"https:\/\/plenergy.es\/ca\/wp-json\/wp\/v2\/posts\/17905\/revisions\/17919"}],"wp:featuredmedia":[{"embeddable":true,"href":"https:\/\/plenergy.es\/ca\/wp-json\/wp\/v2\/media\/9246"}],"wp:attachment":[{"href":"https:\/\/plenergy.es\/ca\/wp-json\/wp\/v2\/media?parent=17905"}],"wp:term":[{"taxonomy":"category","embeddable":true,"href":"https:\/\/plenergy.es\/ca\/wp-json\/wp\/v2\/categories?post=17905"},{"taxonomy":"post_tag","embeddable":true,"href":"https:\/\/plenergy.es\/ca\/wp-json\/wp\/v2\/tags?post=17905"}],"curies":[{"name":"wp","href":"https:\/\/api.w.org\/{rel}","templated":true}]}}