{"id":15314,"date":"2023-09-12T10:00:11","date_gmt":"2023-09-12T08:00:11","guid":{"rendered":"https:\/\/staging.plenoil.es\/plenoil-sincorpora-a-ceoe-com-a-primer-membre-del-sector-de-les-estacions-automatiques\/"},"modified":"2023-09-12T10:00:11","modified_gmt":"2023-09-12T08:00:11","slug":"plenoil-sincorpora-a-ceoe-com-a-primer-membre-del-sector-de-les-estacions-automatiques","status":"publish","type":"post","link":"https:\/\/plenergy.es\/ca\/plenoil-sincorpora-a-ceoe-com-a-primer-membre-del-sector-de-les-estacions-automatiques\/","title":{"rendered":"Plenoil s&#8217;incorpora a CEOE com a primer membre del sector de les estacions autom\u00e0tiques."},"content":{"rendered":"<ul>\n<li>Ambdues entitats treballaran conjuntament per fomentar la innovaci\u00f3, la inversi\u00f3 i el desenvolupament sostenible en el sector energ\u00e8tic, contribuint aix\u00ed al progr\u00e9s i benestar de la societat espanyola.<\/li>\n<li>Aquesta incorporaci\u00f3 reafirma el comprom\u00eds de Plenoil de continuar contribuint al creixement del teixit empresarial espanyol.<\/li>\n<\/ul>\n<p><strong>Madrid, 12 de setembre de 2023.- <\/strong>Plenoil, empresa l\u00edder del sector d&#8217;estacions de servei autom\u00e0tiques, anuncia la seva incorporaci\u00f3 a la Confederaci\u00f3 Espanyola d&#8217;Organitzacions Empresarials (CEOE) en la seva aposta per treballar al costat d&#8217;altres companyies i organismes en la recerca de solucions innovadores i responsables per al sector energ\u00e8tic espanyol. Aquest comprom\u00eds converteix <a href=\"https:\/\/plenoil.es\/\">Plenoil<\/a> en la primera companyia del sector d&#8217;estacions de servei autom\u00e0tiques a formar part de l&#8217;organitzaci\u00f3 empresarial.<\/p>\n<p>La incorporaci\u00f3 de Plenoil a CEOE arriba en un moment de creixement del seu negoci, en el qual preveu assolir els 1.200 milions d&#8217;euros al tancament de l&#8217;exercici 2023, despr\u00e9s d&#8217;haver aconseguit una facturaci\u00f3 de m\u00e9s de 500 milions d&#8217;euros (sense IVA) en el primer semestre de l&#8217;any. A m\u00e9s a m\u00e9s, l&#8217;empresa ha anunciat recentment la seva expansi\u00f3 a Portugal com a oportunitat per entrar en altres mercats internacionals en els pr\u00f2xims mesos.<\/p>\n<p>L&#8217;entrada en l&#8217;organitzaci\u00f3 empresarial permet refor\u00e7ar el posicionament i les relacions institucionals de Plenoil, a m\u00e9s de canalitzar el seu projecte m\u00e9s recent, &#8220;<a href=\"https:\/\/transicionposible.es\/\">Transici\u00f3 Possible<\/a>&#8220;, un espai d&#8217;escolta en el qual la societat, les empreses i les institucions poden dialogar i buscar de forma conjunta les solucions als reptes que planteja la transici\u00f3 energ\u00e8tica.<\/p>\n<p>Jos\u00e9 Rodr\u00edguez de Arellano, CEO de Plenoil, ha manifestat la seva satisfacci\u00f3 per unir-se a <a href=\"https:\/\/www.ceoe.es\/es\">CEOE<\/a>, reafirmant <em>&#8220;el comprom\u00eds de l&#8217;empresa de treballar de la m\u00e0 amb altres companyies i organismes en el disseny de pol\u00edtiques que fomentin la competitivitat empresarial i el respecte pel medi ambient, per conversar i aportar solucions a altres teixits productius en els quals la pujada del preu del combustible afecta directament a la seva productivitat&#8221;.<\/em><\/p>\n<p>D&#8217;altra banda, el president de CEOE, Antonio Garamendi, ha afirmat que <em>&#8220;La incorporaci\u00f3 a la nostra organitzaci\u00f3 d&#8217;una empresa de la talla de Plenoil, que compta amb prop de 200 estacions de servei operatives arreu d&#8217;Espanya que donen servei a m\u00e9s de 2,5 milions de clients al mes, \u00e9s sempre una gran not\u00edcia&#8221;. <\/em><\/p>\n<p>La incorporaci\u00f3 de Plenoil a CEOE representa una oportunitat per refor\u00e7ar la pres\u00e8ncia del sector energ\u00e8tic en l&#8217;\u00e0mbit empresarial i en el di\u00e0leg amb les institucions i el Govern. Ambdues entitats treballaran conjuntament per fomentar la innovaci\u00f3, la inversi\u00f3 i el desenvolupament sostenible en el sector energ\u00e8tic, contribuint aix\u00ed al progr\u00e9s i benestar de la societat espanyola.<\/p>\n<h2><strong><u>Sobre Plenoil<\/u><\/strong><\/h2>\n<p>Plenoil es l\u00edder en el sector de les estacions de servei de nova generaci\u00f3. Amb l&#8217;obertura el 2015 de la seva primera estaci\u00f3 de servei, l&#8217;empresa neix amb l&#8217;objectiu de fer que l&#8217;ompliment de combustible sigui segur, c\u00f2mode, automatitzat, de qualitat i amb el millor preu. Per fer-ho possible, posa a disposici\u00f3 dels seus clients estacions de servei automatitzades que ofereixen carburants de la m\u00e0xima qualitat i que compleixen amb la normativa mediambiental vigent.<\/p>\n","protected":false},"excerpt":{"rendered":"<p>Ambdues entitats treballaran conjuntament per fomentar la innovaci\u00f3, la inversi\u00f3 i el desenvolupament sostenible en el sector energ\u00e8tic, contribuint aix\u00ed al progr\u00e9s i benestar de la societat espanyola. Aquesta incorporaci\u00f3 reafirma el comprom\u00eds de Plenoil de continuar contribuint al creixement del teixit empresarial espanyol. Madrid, 12 de setembre de 2023.- Plenoil, empresa l\u00edder del sector [&hellip;]<\/p>\n","protected":false},"author":4,"featured_media":9810,"comment_status":"closed","ping_status":"closed","sticky":false,"template":"","format":"standard","meta":{"footnotes":""},"categories":[48],"tags":[294,160,128,295,291,132,293,135,296,292],"class_list":["post-15314","post","type-post","status-publish","format-standard","has-post-thumbnail","hentry","category-notes-de-premsa","tag-antonio-garamendi-ca","tag-benzinera-low-cost","tag-benzineres","tag-ceoe-ca","tag-cotxe","tag-creixement","tag-jose-rodriguez-de-arellano-ca","tag-plenoil-ca","tag-unitats-de-subministrament","tag-vehicle-ca"],"yoast_head":"<!-- This site is optimized with the Yoast SEO plugin v27.4 - https:\/\/yoast.com\/product\/yoast-seo-wordpress\/ -->\n<title>Plenoil s&#039;incorpora a CEOE com a primer membre del sector de les estacions autom\u00e0tiques. - Plenergy gasolineras<\/title>\n<meta name=\"description\" content=\"Plenoil, empresa l\u00edder del sector d&#039;estacions de servei autom\u00e0tiques, anuncia la seva incorporaci\u00f3 a la Confederaci\u00f3 Espanyola d&#039;Organitzacions Empresarials (CEOE)\" \/>\n<meta name=\"robots\" content=\"index, follow, max-snippet:-1, max-image-preview:large, max-video-preview:-1\" \/>\n<link rel=\"canonical\" href=\"https:\/\/plenergy.es\/ca\/plenoil-sincorpora-a-ceoe-com-a-primer-membre-del-sector-de-les-estacions-automatiques\/\" \/>\n<meta property=\"og:locale\" content=\"ca_ES\" \/>\n<meta property=\"og:type\" content=\"article\" \/>\n<meta property=\"og:title\" content=\"Plenoil s&#039;incorpora a CEOE com a primer membre del sector de les estacions autom\u00e0tiques. - Plenergy gasolineras\" \/>\n<meta property=\"og:description\" content=\"Plenoil, empresa l\u00edder del sector d&#039;estacions de servei autom\u00e0tiques, anuncia la seva incorporaci\u00f3 a la Confederaci\u00f3 Espanyola d&#039;Organitzacions Empresarials (CEOE)\" \/>\n<meta property=\"og:url\" content=\"https:\/\/plenergy.es\/ca\/plenoil-sincorpora-a-ceoe-com-a-primer-membre-del-sector-de-les-estacions-automatiques\/\" \/>\n<meta property=\"og:site_name\" content=\"Plenergy gasolineras\" \/>\n<meta property=\"article:published_time\" content=\"2023-09-12T08:00:11+00:00\" \/>\n<meta property=\"og:image\" content=\"https:\/\/plenergy.es\/wp-content\/uploads\/2023\/09\/PLANO-AMERICANO-Jose-Rodriguez-de-Arellano-y-Antonio-Garamendi-scaled.jpg\" \/>\n\t<meta property=\"og:image:width\" content=\"2560\" \/>\n\t<meta property=\"og:image:height\" content=\"1440\" \/>\n\t<meta property=\"og:image:type\" content=\"image\/jpeg\" \/>\n<meta name=\"author\" content=\"Mari\u00e1ngeles Herrera\" \/>\n<meta name=\"twitter:card\" content=\"summary_large_image\" \/>\n<meta name=\"twitter:label1\" content=\"Escrit per\" \/>\n\t<meta name=\"twitter:data1\" content=\"Mari\u00e1ngeles Herrera\" \/>\n\t<meta name=\"twitter:label2\" content=\"Temps estimat de lectura\" \/>\n\t<meta name=\"twitter:data2\" content=\"3 minuts\" \/>\n<script type=\"application\/ld+json\" class=\"yoast-schema-graph\">{\"@context\":\"https:\\\/\\\/schema.org\",\"@graph\":[{\"@type\":\"Article\",\"@id\":\"https:\\\/\\\/plenergy.es\\\/ca\\\/plenoil-sincorpora-a-ceoe-com-a-primer-membre-del-sector-de-les-estacions-automatiques\\\/#article\",\"isPartOf\":{\"@id\":\"https:\\\/\\\/plenergy.es\\\/ca\\\/plenoil-sincorpora-a-ceoe-com-a-primer-membre-del-sector-de-les-estacions-automatiques\\\/\"},\"author\":{\"name\":\"Mari\u00e1ngeles Herrera\",\"@id\":\"https:\\\/\\\/plenergy.es\\\/ca\\\/#\\\/schema\\\/person\\\/f932a6c95011bfb51244e6062cba8a5d\"},\"headline\":\"Plenoil s&#8217;incorpora a CEOE com a primer membre del sector de les estacions autom\u00e0tiques.\",\"datePublished\":\"2023-09-12T08:00:11+00:00\",\"mainEntityOfPage\":{\"@id\":\"https:\\\/\\\/plenergy.es\\\/ca\\\/plenoil-sincorpora-a-ceoe-com-a-primer-membre-del-sector-de-les-estacions-automatiques\\\/\"},\"wordCount\":540,\"publisher\":{\"@id\":\"https:\\\/\\\/plenergy.es\\\/ca\\\/#organization\"},\"image\":{\"@id\":\"https:\\\/\\\/plenergy.es\\\/ca\\\/plenoil-sincorpora-a-ceoe-com-a-primer-membre-del-sector-de-les-estacions-automatiques\\\/#primaryimage\"},\"thumbnailUrl\":\"https:\\\/\\\/plenergy.es\\\/wp-content\\\/uploads\\\/2023\\\/09\\\/PLANO-AMERICANO-Jose-Rodriguez-de-Arellano-y-Antonio-Garamendi-scaled.jpg\",\"keywords\":[\"Antonio Garamendi\",\"benzinera low cost\",\"benzineres\",\"CEOE\",\"cotxe\",\"creixement\",\"Jos\u00e9 Rodr\u00edguez de Arellano\",\"plenoil\",\"Unitats de subministrament\",\"vehicle\"],\"articleSection\":[\"Notes de Premsa\"],\"inLanguage\":\"ca\"},{\"@type\":\"WebPage\",\"@id\":\"https:\\\/\\\/plenergy.es\\\/ca\\\/plenoil-sincorpora-a-ceoe-com-a-primer-membre-del-sector-de-les-estacions-automatiques\\\/\",\"url\":\"https:\\\/\\\/plenergy.es\\\/ca\\\/plenoil-sincorpora-a-ceoe-com-a-primer-membre-del-sector-de-les-estacions-automatiques\\\/\",\"name\":\"Plenoil s'incorpora a CEOE com a primer membre del sector de les estacions autom\u00e0tiques. - Plenergy gasolineras\",\"isPartOf\":{\"@id\":\"https:\\\/\\\/plenergy.es\\\/ca\\\/#website\"},\"primaryImageOfPage\":{\"@id\":\"https:\\\/\\\/plenergy.es\\\/ca\\\/plenoil-sincorpora-a-ceoe-com-a-primer-membre-del-sector-de-les-estacions-automatiques\\\/#primaryimage\"},\"image\":{\"@id\":\"https:\\\/\\\/plenergy.es\\\/ca\\\/plenoil-sincorpora-a-ceoe-com-a-primer-membre-del-sector-de-les-estacions-automatiques\\\/#primaryimage\"},\"thumbnailUrl\":\"https:\\\/\\\/plenergy.es\\\/wp-content\\\/uploads\\\/2023\\\/09\\\/PLANO-AMERICANO-Jose-Rodriguez-de-Arellano-y-Antonio-Garamendi-scaled.jpg\",\"datePublished\":\"2023-09-12T08:00:11+00:00\",\"description\":\"Plenoil, empresa l\u00edder del sector d'estacions de servei autom\u00e0tiques, anuncia la seva incorporaci\u00f3 a la Confederaci\u00f3 Espanyola d'Organitzacions Empresarials (CEOE)\",\"breadcrumb\":{\"@id\":\"https:\\\/\\\/plenergy.es\\\/ca\\\/plenoil-sincorpora-a-ceoe-com-a-primer-membre-del-sector-de-les-estacions-automatiques\\\/#breadcrumb\"},\"inLanguage\":\"ca\",\"potentialAction\":[{\"@type\":\"ReadAction\",\"target\":[\"https:\\\/\\\/plenergy.es\\\/ca\\\/plenoil-sincorpora-a-ceoe-com-a-primer-membre-del-sector-de-les-estacions-automatiques\\\/\"]}]},{\"@type\":\"ImageObject\",\"inLanguage\":\"ca\",\"@id\":\"https:\\\/\\\/plenergy.es\\\/ca\\\/plenoil-sincorpora-a-ceoe-com-a-primer-membre-del-sector-de-les-estacions-automatiques\\\/#primaryimage\",\"url\":\"https:\\\/\\\/plenergy.es\\\/wp-content\\\/uploads\\\/2023\\\/09\\\/PLANO-AMERICANO-Jose-Rodriguez-de-Arellano-y-Antonio-Garamendi-scaled.jpg\",\"contentUrl\":\"https:\\\/\\\/plenergy.es\\\/wp-content\\\/uploads\\\/2023\\\/09\\\/PLANO-AMERICANO-Jose-Rodriguez-de-Arellano-y-Antonio-Garamendi-scaled.jpg\",\"width\":2560,\"height\":1440,\"caption\":\"Plenoil se incorpora a CEOE como primer miembro del sector de las estaciones autom\u00e1ticas\"},{\"@type\":\"BreadcrumbList\",\"@id\":\"https:\\\/\\\/plenergy.es\\\/ca\\\/plenoil-sincorpora-a-ceoe-com-a-primer-membre-del-sector-de-les-estacions-automatiques\\\/#breadcrumb\",\"itemListElement\":[{\"@type\":\"ListItem\",\"position\":1,\"name\":\"Portada\",\"item\":\"https:\\\/\\\/plenergy.es\\\/ca\\\/\"},{\"@type\":\"ListItem\",\"position\":2,\"name\":\"Plenoil s&#8217;incorpora a CEOE com a primer membre del sector de les estacions autom\u00e0tiques.\"}]},{\"@type\":\"WebSite\",\"@id\":\"https:\\\/\\\/plenergy.es\\\/ca\\\/#website\",\"url\":\"https:\\\/\\\/plenergy.es\\\/ca\\\/\",\"name\":\"Plenergy gasolineras\",\"description\":\"Energ\u00eda al mejor precio para tu veh\u00edculo\",\"publisher\":{\"@id\":\"https:\\\/\\\/plenergy.es\\\/ca\\\/#organization\"},\"potentialAction\":[{\"@type\":\"SearchAction\",\"target\":{\"@type\":\"EntryPoint\",\"urlTemplate\":\"https:\\\/\\\/plenergy.es\\\/ca\\\/?s={search_term_string}\"},\"query-input\":{\"@type\":\"PropertyValueSpecification\",\"valueRequired\":true,\"valueName\":\"search_term_string\"}}],\"inLanguage\":\"ca\"},{\"@type\":\"Organization\",\"@id\":\"https:\\\/\\\/plenergy.es\\\/ca\\\/#organization\",\"name\":\"Plenergy gasolineras\",\"url\":\"https:\\\/\\\/plenergy.es\\\/ca\\\/\",\"logo\":{\"@type\":\"ImageObject\",\"inLanguage\":\"ca\",\"@id\":\"https:\\\/\\\/plenergy.es\\\/ca\\\/#\\\/schema\\\/logo\\\/image\\\/\",\"url\":\"https:\\\/\\\/plenergy.es\\\/wp-content\\\/uploads\\\/2022\\\/11\\\/Plenoil-logo-2022-1.svg\",\"contentUrl\":\"https:\\\/\\\/plenergy.es\\\/wp-content\\\/uploads\\\/2022\\\/11\\\/Plenoil-logo-2022-1.svg\",\"width\":500,\"height\":110,\"caption\":\"Plenergy gasolineras\"},\"image\":{\"@id\":\"https:\\\/\\\/plenergy.es\\\/ca\\\/#\\\/schema\\\/logo\\\/image\\\/\"}},{\"@type\":\"Person\",\"@id\":\"https:\\\/\\\/plenergy.es\\\/ca\\\/#\\\/schema\\\/person\\\/f932a6c95011bfb51244e6062cba8a5d\",\"name\":\"Mari\u00e1ngeles Herrera\",\"image\":{\"@type\":\"ImageObject\",\"inLanguage\":\"ca\",\"@id\":\"https:\\\/\\\/secure.gravatar.com\\\/avatar\\\/497b693991002ea7475aa8b84d18e0a266f329a4fa833d0b8d294db721ea4b27?s=96&d=mm&r=g\",\"url\":\"https:\\\/\\\/secure.gravatar.com\\\/avatar\\\/497b693991002ea7475aa8b84d18e0a266f329a4fa833d0b8d294db721ea4b27?s=96&d=mm&r=g\",\"contentUrl\":\"https:\\\/\\\/secure.gravatar.com\\\/avatar\\\/497b693991002ea7475aa8b84d18e0a266f329a4fa833d0b8d294db721ea4b27?s=96&d=mm&r=g\",\"caption\":\"Mari\u00e1ngeles Herrera\"},\"url\":\"https:\\\/\\\/plenergy.es\\\/ca\\\/author\\\/mariangeles_editor\\\/\"}]}<\/script>\n<!-- \/ Yoast SEO plugin. -->","yoast_head_json":{"title":"Plenoil s'incorpora a CEOE com a primer membre del sector de les estacions autom\u00e0tiques. - Plenergy gasolineras","description":"Plenoil, empresa l\u00edder del sector d'estacions de servei autom\u00e0tiques, anuncia la seva incorporaci\u00f3 a la Confederaci\u00f3 Espanyola d'Organitzacions Empresarials (CEOE)","robots":{"index":"index","follow":"follow","max-snippet":"max-snippet:-1","max-image-preview":"max-image-preview:large","max-video-preview":"max-video-preview:-1"},"canonical":"https:\/\/plenergy.es\/ca\/plenoil-sincorpora-a-ceoe-com-a-primer-membre-del-sector-de-les-estacions-automatiques\/","og_locale":"ca_ES","og_type":"article","og_title":"Plenoil s'incorpora a CEOE com a primer membre del sector de les estacions autom\u00e0tiques. - Plenergy gasolineras","og_description":"Plenoil, empresa l\u00edder del sector d'estacions de servei autom\u00e0tiques, anuncia la seva incorporaci\u00f3 a la Confederaci\u00f3 Espanyola d'Organitzacions Empresarials (CEOE)","og_url":"https:\/\/plenergy.es\/ca\/plenoil-sincorpora-a-ceoe-com-a-primer-membre-del-sector-de-les-estacions-automatiques\/","og_site_name":"Plenergy gasolineras","article_published_time":"2023-09-12T08:00:11+00:00","og_image":[{"width":2560,"height":1440,"url":"https:\/\/plenergy.es\/wp-content\/uploads\/2023\/09\/PLANO-AMERICANO-Jose-Rodriguez-de-Arellano-y-Antonio-Garamendi-scaled.jpg","type":"image\/jpeg"}],"author":"Mari\u00e1ngeles Herrera","twitter_card":"summary_large_image","twitter_misc":{"Escrit per":"Mari\u00e1ngeles Herrera","Temps estimat de lectura":"3 minuts"},"schema":{"@context":"https:\/\/schema.org","@graph":[{"@type":"Article","@id":"https:\/\/plenergy.es\/ca\/plenoil-sincorpora-a-ceoe-com-a-primer-membre-del-sector-de-les-estacions-automatiques\/#article","isPartOf":{"@id":"https:\/\/plenergy.es\/ca\/plenoil-sincorpora-a-ceoe-com-a-primer-membre-del-sector-de-les-estacions-automatiques\/"},"author":{"name":"Mari\u00e1ngeles Herrera","@id":"https:\/\/plenergy.es\/ca\/#\/schema\/person\/f932a6c95011bfb51244e6062cba8a5d"},"headline":"Plenoil s&#8217;incorpora a CEOE com a primer membre del sector de les estacions autom\u00e0tiques.","datePublished":"2023-09-12T08:00:11+00:00","mainEntityOfPage":{"@id":"https:\/\/plenergy.es\/ca\/plenoil-sincorpora-a-ceoe-com-a-primer-membre-del-sector-de-les-estacions-automatiques\/"},"wordCount":540,"publisher":{"@id":"https:\/\/plenergy.es\/ca\/#organization"},"image":{"@id":"https:\/\/plenergy.es\/ca\/plenoil-sincorpora-a-ceoe-com-a-primer-membre-del-sector-de-les-estacions-automatiques\/#primaryimage"},"thumbnailUrl":"https:\/\/plenergy.es\/wp-content\/uploads\/2023\/09\/PLANO-AMERICANO-Jose-Rodriguez-de-Arellano-y-Antonio-Garamendi-scaled.jpg","keywords":["Antonio Garamendi","benzinera low cost","benzineres","CEOE","cotxe","creixement","Jos\u00e9 Rodr\u00edguez de Arellano","plenoil","Unitats de subministrament","vehicle"],"articleSection":["Notes de Premsa"],"inLanguage":"ca"},{"@type":"WebPage","@id":"https:\/\/plenergy.es\/ca\/plenoil-sincorpora-a-ceoe-com-a-primer-membre-del-sector-de-les-estacions-automatiques\/","url":"https:\/\/plenergy.es\/ca\/plenoil-sincorpora-a-ceoe-com-a-primer-membre-del-sector-de-les-estacions-automatiques\/","name":"Plenoil s'incorpora a CEOE com a primer membre del sector de les estacions autom\u00e0tiques. - Plenergy gasolineras","isPartOf":{"@id":"https:\/\/plenergy.es\/ca\/#website"},"primaryImageOfPage":{"@id":"https:\/\/plenergy.es\/ca\/plenoil-sincorpora-a-ceoe-com-a-primer-membre-del-sector-de-les-estacions-automatiques\/#primaryimage"},"image":{"@id":"https:\/\/plenergy.es\/ca\/plenoil-sincorpora-a-ceoe-com-a-primer-membre-del-sector-de-les-estacions-automatiques\/#primaryimage"},"thumbnailUrl":"https:\/\/plenergy.es\/wp-content\/uploads\/2023\/09\/PLANO-AMERICANO-Jose-Rodriguez-de-Arellano-y-Antonio-Garamendi-scaled.jpg","datePublished":"2023-09-12T08:00:11+00:00","description":"Plenoil, empresa l\u00edder del sector d'estacions de servei autom\u00e0tiques, anuncia la seva incorporaci\u00f3 a la Confederaci\u00f3 Espanyola d'Organitzacions Empresarials (CEOE)","breadcrumb":{"@id":"https:\/\/plenergy.es\/ca\/plenoil-sincorpora-a-ceoe-com-a-primer-membre-del-sector-de-les-estacions-automatiques\/#breadcrumb"},"inLanguage":"ca","potentialAction":[{"@type":"ReadAction","target":["https:\/\/plenergy.es\/ca\/plenoil-sincorpora-a-ceoe-com-a-primer-membre-del-sector-de-les-estacions-automatiques\/"]}]},{"@type":"ImageObject","inLanguage":"ca","@id":"https:\/\/plenergy.es\/ca\/plenoil-sincorpora-a-ceoe-com-a-primer-membre-del-sector-de-les-estacions-automatiques\/#primaryimage","url":"https:\/\/plenergy.es\/wp-content\/uploads\/2023\/09\/PLANO-AMERICANO-Jose-Rodriguez-de-Arellano-y-Antonio-Garamendi-scaled.jpg","contentUrl":"https:\/\/plenergy.es\/wp-content\/uploads\/2023\/09\/PLANO-AMERICANO-Jose-Rodriguez-de-Arellano-y-Antonio-Garamendi-scaled.jpg","width":2560,"height":1440,"caption":"Plenoil se incorpora a CEOE como primer miembro del sector de las estaciones autom\u00e1ticas"},{"@type":"BreadcrumbList","@id":"https:\/\/plenergy.es\/ca\/plenoil-sincorpora-a-ceoe-com-a-primer-membre-del-sector-de-les-estacions-automatiques\/#breadcrumb","itemListElement":[{"@type":"ListItem","position":1,"name":"Portada","item":"https:\/\/plenergy.es\/ca\/"},{"@type":"ListItem","position":2,"name":"Plenoil s&#8217;incorpora a CEOE com a primer membre del sector de les estacions autom\u00e0tiques."}]},{"@type":"WebSite","@id":"https:\/\/plenergy.es\/ca\/#website","url":"https:\/\/plenergy.es\/ca\/","name":"Plenergy gasolineras","description":"Energ\u00eda al mejor precio para tu veh\u00edculo","publisher":{"@id":"https:\/\/plenergy.es\/ca\/#organization"},"potentialAction":[{"@type":"SearchAction","target":{"@type":"EntryPoint","urlTemplate":"https:\/\/plenergy.es\/ca\/?s={search_term_string}"},"query-input":{"@type":"PropertyValueSpecification","valueRequired":true,"valueName":"search_term_string"}}],"inLanguage":"ca"},{"@type":"Organization","@id":"https:\/\/plenergy.es\/ca\/#organization","name":"Plenergy gasolineras","url":"https:\/\/plenergy.es\/ca\/","logo":{"@type":"ImageObject","inLanguage":"ca","@id":"https:\/\/plenergy.es\/ca\/#\/schema\/logo\/image\/","url":"https:\/\/plenergy.es\/wp-content\/uploads\/2022\/11\/Plenoil-logo-2022-1.svg","contentUrl":"https:\/\/plenergy.es\/wp-content\/uploads\/2022\/11\/Plenoil-logo-2022-1.svg","width":500,"height":110,"caption":"Plenergy gasolineras"},"image":{"@id":"https:\/\/plenergy.es\/ca\/#\/schema\/logo\/image\/"}},{"@type":"Person","@id":"https:\/\/plenergy.es\/ca\/#\/schema\/person\/f932a6c95011bfb51244e6062cba8a5d","name":"Mari\u00e1ngeles Herrera","image":{"@type":"ImageObject","inLanguage":"ca","@id":"https:\/\/secure.gravatar.com\/avatar\/497b693991002ea7475aa8b84d18e0a266f329a4fa833d0b8d294db721ea4b27?s=96&d=mm&r=g","url":"https:\/\/secure.gravatar.com\/avatar\/497b693991002ea7475aa8b84d18e0a266f329a4fa833d0b8d294db721ea4b27?s=96&d=mm&r=g","contentUrl":"https:\/\/secure.gravatar.com\/avatar\/497b693991002ea7475aa8b84d18e0a266f329a4fa833d0b8d294db721ea4b27?s=96&d=mm&r=g","caption":"Mari\u00e1ngeles Herrera"},"url":"https:\/\/plenergy.es\/ca\/author\/mariangeles_editor\/"}]}},"_links":{"self":[{"href":"https:\/\/plenergy.es\/ca\/wp-json\/wp\/v2\/posts\/15314","targetHints":{"allow":["GET"]}}],"collection":[{"href":"https:\/\/plenergy.es\/ca\/wp-json\/wp\/v2\/posts"}],"about":[{"href":"https:\/\/plenergy.es\/ca\/wp-json\/wp\/v2\/types\/post"}],"author":[{"embeddable":true,"href":"https:\/\/plenergy.es\/ca\/wp-json\/wp\/v2\/users\/4"}],"replies":[{"embeddable":true,"href":"https:\/\/plenergy.es\/ca\/wp-json\/wp\/v2\/comments?post=15314"}],"version-history":[{"count":0,"href":"https:\/\/plenergy.es\/ca\/wp-json\/wp\/v2\/posts\/15314\/revisions"}],"wp:featuredmedia":[{"embeddable":true,"href":"https:\/\/plenergy.es\/ca\/wp-json\/wp\/v2\/media\/9810"}],"wp:attachment":[{"href":"https:\/\/plenergy.es\/ca\/wp-json\/wp\/v2\/media?parent=15314"}],"wp:term":[{"taxonomy":"category","embeddable":true,"href":"https:\/\/plenergy.es\/ca\/wp-json\/wp\/v2\/categories?post=15314"},{"taxonomy":"post_tag","embeddable":true,"href":"https:\/\/plenergy.es\/ca\/wp-json\/wp\/v2\/tags?post=15314"}],"curies":[{"name":"wp","href":"https:\/\/api.w.org\/{rel}","templated":true}]}}